{"id":4419,"date":"2021-03-18T11:02:57","date_gmt":"2021-03-18T16:02:57","guid":{"rendered":"https:\/\/www.ert.com.co\/?p=4419"},"modified":"2022-03-24T16:28:08","modified_gmt":"2022-03-24T21:28:08","slug":"ert-a-conectar-mas-comunidad-del-valle-del-cauca","status":"publish","type":"post","link":"https:\/\/www.ert.com.co\/index.php\/2021\/03\/18\/ert-a-conectar-mas-comunidad-del-valle-del-cauca\/","title":{"rendered":"ERT: A conectar m\u00e1s comunidad del Valle del Cauca"},"content":{"rendered":"\t\t<div data-elementor-type=\"wp-post\" data-elementor-id=\"4419\" class=\"elementor elementor-4419\">\n\t\t\t\t\t\t<section class=\"elementor-section elementor-top-section elementor-element elementor-element-600edbaf elementor-section-boxed elementor-section-height-default elementor-section-height-default\" data-id=\"600edbaf\" data-element_type=\"section\">\n\t\t\t\t\t\t<div class=\"elementor-container elementor-column-gap-default\">\n\t\t\t\t\t<div class=\"elementor-column elementor-col-100 elementor-top-column elementor-element elementor-element-4146c13c\" data-id=\"4146c13c\" data-element_type=\"column\">\n\t\t\t<div class=\"elementor-widget-wrap elementor-element-populated\">\n\t\t\t\t\t\t<div class=\"elementor-element elementor-element-4c7f182c elementor-widget elementor-widget-text-editor\" data-id=\"4c7f182c\" data-element_type=\"widget\" data-widget_type=\"text-editor.default\">\n\t\t\t\t<div class=\"elementor-widget-container\">\n\t\t\t\t\t\t\t\t\t<p><\/p>\n<p><span class=\"crayon-s\"><button id=\"listenButton1\" class=\"responsivevoice-button\" type=\"button\" value=\"Play\" title=\"ResponsiveVoice Tap to Start\/Stop Speech\"><span>&#128266; Escuchar la entrada<\/span><\/button>\n        <script>\n            listenButton1.onclick = function(){\n                if(responsiveVoice.isPlaying()){\n                    responsiveVoice.cancel();\n                }else{\n                    responsiveVoice.speak(\"Santiago de Cali, enero 23 de 2021. La Empresa de Recursos Tecnol\u00f3gicos del departamento (ERT), anunci\u00f3 que se propone conectar m\u00e1s comunidades del Valle del Cauca al mundo virtual como aporte al cierre de brechas digitales, a mejores condiciones para la posibilidad de generaci\u00f3n de ingresos y a la educaci\u00f3n virtual, en la actual coyuntura COVID-19, como lo ha venido liderando la gobernadora del Valle del Cauca, Clara Luz Rold\u00e1n. Edwin L\u00f3pez, gerente de ERT, explic\u00f3 que \u201cse trata de un plan estrat\u00e9gico de la empresa que para este 2021 tendr\u00e1 como slogan \u2018Conectados a todo y a todos\u2019, es decir, que nuestra comunidad podr\u00e1 encontrar en la Empresa de Recursos Tecnol\u00f3gicos, c\u00f3mo satisfacer sus necesidades de conexi\u00f3n. No es un tema de adquirir un plan de banda ancha ni un servicio de telecomunicaciones, tendremos una visi\u00f3n m\u00e1s integradora y estar m\u00e1s unidos a nuestros clientes\u201d. La ERT le aportar\u00e1 al Valle Invencible que lidera la gobernadora Clara Luz Rold\u00e1n, \u201ccon internet comunitario estilo zonas Wi Fi, en donde es posible que la comunidad requiera, por ejemplo, un servicio de seguridad por medio de una aplicaci\u00f3n para saber c\u00f3mo est\u00e1 su barrio y nosotros les ayudaremos a satisfacer esa necesidad\u201d, dijo el gerente. Agreg\u00f3 que la ERT se propone tener m\u00e1s comunidad conectada con bienes y servicios, por ejemplo, con zonas Wi Fi en donde las comunidades naveguen no solo para temas de educaci\u00f3n, si no para promover sus negocios y eso hace que vean el esfuerzo que hace la Gobernaci\u00f3n. El primer a\u00f1o del Gobierno del Valle Invencible, la ERT conect\u00f3 100 zonas Wi Fi con un importante tr\u00e1fico de personas. Diego Medina Pe\u00f1a Periodista Gobernaci\u00f3n del Valle\", \"Spanish Female\");\n                }\n            };\n        <\/script>\n    <\/span><\/p>\n<p><\/p>\n<p><span style=\"color: #000000;\">Santiago de Cali, enero 23 de 2021. La Empresa de Recursos Tecnol\u00f3gicos del departamento (ERT), anunci\u00f3 que se propone conectar m\u00e1s comunidades del Valle del Cauca al mundo virtual como aporte al cierre de brechas digitales, a mejores condiciones para la posibilidad de generaci\u00f3n de ingresos y a la educaci\u00f3n virtual, en la actual coyuntura COVID-19, como lo ha venido liderando la gobernadora del Valle del Cauca, Clara Luz Rold\u00e1n.<\/span><\/p>\n<p><span style=\"color: #000000;\"><\/span><\/p>\n<p><span style=\"color: #000000;\">Edwin L\u00f3pez, gerente de ERT, explic\u00f3 que \u201cse trata de un plan estrat\u00e9gico de la empresa que para este 2021 tendr\u00e1 como slogan \u2018Conectados a todo y a todos\u2019, es decir, que nuestra comunidad podr\u00e1 encontrar en la Empresa de Recursos Tecnol\u00f3gicos, c\u00f3mo satisfacer sus necesidades de conexi\u00f3n. No es un tema de adquirir un plan de banda ancha ni un servicio de telecomunicaciones, tendremos una visi\u00f3n m\u00e1s integradora y estar m\u00e1s unidos a nuestros clientes\u201d.<\/span><\/p>\n<p><span style=\"color: #000000;\"><\/span><\/p>\n<p><span style=\"color: #000000;\">La ERT le aportar\u00e1 al Valle Invencible que lidera la gobernadora Clara Luz Rold\u00e1n, \u201ccon internet comunitario estilo zonas Wi Fi, en donde es posible que la comunidad requiera, por ejemplo, un servicio de seguridad por medio de una aplicaci\u00f3n para saber c\u00f3mo est\u00e1 su barrio y nosotros les ayudaremos a satisfacer esa necesidad\u201d, dijo el gerente.<\/span><\/p>\n<p><span style=\"color: #000000;\"><\/span><\/p>\n<p><span style=\"color: #000000;\">Agreg\u00f3 que la ERT se propone tener m\u00e1s comunidad conectada con bienes y servicios, por ejemplo, con zonas Wi Fi en donde las comunidades naveguen no solo para temas de educaci\u00f3n, si no para promover sus negocios y eso hace que vean el esfuerzo que hace la Gobernaci\u00f3n.<\/span><\/p>\n<p><span style=\"color: #000000;\"><\/span><\/p>\n<p><span style=\"color: #000000;\">El primer a\u00f1o del Gobierno del Valle Invencible, la ERT conect\u00f3 100 zonas Wi Fi con un importante tr\u00e1fico de personas.<\/span><\/p>\n<p><span style=\"color: #000000;\"><\/span><\/p>\n<p><span style=\"color: #000000;\">Diego Medina Pe\u00f1a<\/span><\/p>\n<p><span style=\"color: #000000;\"><\/span><\/p>\n<p><span style=\"color: #000000;\">Periodista Gobernaci\u00f3n del Valle<\/span><\/p>\n<p><\/p>\t\t\t\t\t\t\t\t<\/div>\n\t\t\t\t<\/div>\n\t\t\t\t\t<\/div>\n\t\t<\/div>\n\t\t\t\t\t<\/div>\n\t\t<\/section>\n\t\t\t\t<\/div>\n\t\t","protected":false},"excerpt":{"rendered":"<p>Santiago de Cali, enero 23 de 2021. La Empresa de Recursos Tecnol\u00f3gicos del departamento (ERT), anunci\u00f3 que se propone conectar m\u00e1s comunidades del Valle del Cauca al mundo virtual como [&hellip;]<\/p>\n","protected":false},"author":1,"featured_media":0,"comment_status":"open","ping_status":"open","sticky":false,"template":"","format":"standard","meta":{"_EventAllDay":false,"_EventTimezone":"","_EventStartDate":"","_EventEndDate":"","_EventStartDateUTC":"","_EventEndDateUTC":"","_EventShowMap":false,"_EventShowMapLink":false,"_EventURL":"","_EventCost":"","_EventCostDescription":"","_EventCurrencySymbol":"","_EventCurrencyCode":"","_EventCurrencyPosition":"","_EventDateTimeSeparator":"","_EventTimeRangeSeparator":"","_EventOrganizerID":[],"_EventVenueID":[],"_OrganizerEmail":"","_OrganizerPhone":"","_OrganizerWebsite":"","_VenueAddress":"","_VenueCity":"","_VenueCountry":"","_VenueProvince":"","_VenueState":"","_VenueZip":"","_VenuePhone":"","_VenueURL":"","_VenueStateProvince":"","_VenueLat":"","_VenueLng":"","_VenueShowMap":false,"_VenueShowMapLink":false,"footnotes":""},"categories":[1],"tags":[],"class_list":["post-4419","post","type-post","status-publish","format-standard","hentry","category-sin-categoria","entry"],"yoast_head":"<!-- This site is optimized with the Yoast SEO plugin v27.5 - https:\/\/yoast.com\/product\/yoast-seo-wordpress\/ -->\n<title>ERT: A conectar m\u00e1s comunidad del Valle del Cauca - ERT ESP<\/title>\n<meta name=\"robots\" content=\"index, follow, max-snippet:-1, max-image-preview:large, max-video-preview:-1\" \/>\n<link rel=\"canonical\" href=\"https:\/\/www.ert.com.co\/index.php\/2021\/03\/18\/ert-a-conectar-mas-comunidad-del-valle-del-cauca\/\" \/>\n<meta property=\"og:locale\" content=\"es_ES\" \/>\n<meta property=\"og:type\" content=\"article\" \/>\n<meta property=\"og:title\" content=\"ERT: A conectar m\u00e1s comunidad del Valle del Cauca - ERT ESP\" \/>\n<meta property=\"og:description\" content=\"Santiago de Cali, enero 23 de 2021. La Empresa de Recursos Tecnol\u00f3gicos del departamento (ERT), anunci\u00f3 que se propone conectar m\u00e1s comunidades del Valle del Cauca al mundo virtual como [&hellip;]\" \/>\n<meta property=\"og:url\" content=\"https:\/\/www.ert.com.co\/index.php\/2021\/03\/18\/ert-a-conectar-mas-comunidad-del-valle-del-cauca\/\" \/>\n<meta property=\"og:site_name\" content=\"ERT ESP\" \/>\n<meta property=\"article:published_time\" content=\"2021-03-18T16:02:57+00:00\" \/>\n<meta property=\"article:modified_time\" content=\"2022-03-24T21:28:08+00:00\" \/>\n<meta name=\"author\" content=\"lmadera\" \/>\n<meta name=\"twitter:card\" content=\"summary_large_image\" \/>\n<meta name=\"twitter:label1\" content=\"Escrito por\" \/>\n\t<meta name=\"twitter:data1\" content=\"lmadera\" \/>\n\t<meta name=\"twitter:label2\" content=\"Tiempo de lectura\" \/>\n\t<meta name=\"twitter:data2\" content=\"2 minutos\" \/>\n<script type=\"application\/ld+json\" class=\"yoast-schema-graph\">{\"@context\":\"https:\\\/\\\/schema.org\",\"@graph\":[{\"@type\":\"Article\",\"@id\":\"https:\\\/\\\/www.ert.com.co\\\/index.php\\\/2021\\\/03\\\/18\\\/ert-a-conectar-mas-comunidad-del-valle-del-cauca\\\/#article\",\"isPartOf\":{\"@id\":\"https:\\\/\\\/www.ert.com.co\\\/index.php\\\/2021\\\/03\\\/18\\\/ert-a-conectar-mas-comunidad-del-valle-del-cauca\\\/\"},\"author\":{\"name\":\"lmadera\",\"@id\":\"https:\\\/\\\/www.ert.com.co\\\/#\\\/schema\\\/person\\\/22f8b2ec2800fb238911f10f30027c8e\"},\"headline\":\"ERT: A conectar m\u00e1s comunidad del Valle del Cauca\",\"datePublished\":\"2021-03-18T16:02:57+00:00\",\"dateModified\":\"2022-03-24T21:28:08+00:00\",\"mainEntityOfPage\":{\"@id\":\"https:\\\/\\\/www.ert.com.co\\\/index.php\\\/2021\\\/03\\\/18\\\/ert-a-conectar-mas-comunidad-del-valle-del-cauca\\\/\"},\"wordCount\":317,\"commentCount\":0,\"inLanguage\":\"es\",\"potentialAction\":[{\"@type\":\"CommentAction\",\"name\":\"Comment\",\"target\":[\"https:\\\/\\\/www.ert.com.co\\\/index.php\\\/2021\\\/03\\\/18\\\/ert-a-conectar-mas-comunidad-del-valle-del-cauca\\\/#respond\"]}]},{\"@type\":\"WebPage\",\"@id\":\"https:\\\/\\\/www.ert.com.co\\\/index.php\\\/2021\\\/03\\\/18\\\/ert-a-conectar-mas-comunidad-del-valle-del-cauca\\\/\",\"url\":\"https:\\\/\\\/www.ert.com.co\\\/index.php\\\/2021\\\/03\\\/18\\\/ert-a-conectar-mas-comunidad-del-valle-del-cauca\\\/\",\"name\":\"ERT: A conectar m\u00e1s comunidad del Valle del Cauca - ERT ESP\",\"isPartOf\":{\"@id\":\"https:\\\/\\\/www.ert.com.co\\\/#website\"},\"datePublished\":\"2021-03-18T16:02:57+00:00\",\"dateModified\":\"2022-03-24T21:28:08+00:00\",\"author\":{\"@id\":\"https:\\\/\\\/www.ert.com.co\\\/#\\\/schema\\\/person\\\/22f8b2ec2800fb238911f10f30027c8e\"},\"breadcrumb\":{\"@id\":\"https:\\\/\\\/www.ert.com.co\\\/index.php\\\/2021\\\/03\\\/18\\\/ert-a-conectar-mas-comunidad-del-valle-del-cauca\\\/#breadcrumb\"},\"inLanguage\":\"es\",\"potentialAction\":[{\"@type\":\"ReadAction\",\"target\":[\"https:\\\/\\\/www.ert.com.co\\\/index.php\\\/2021\\\/03\\\/18\\\/ert-a-conectar-mas-comunidad-del-valle-del-cauca\\\/\"]}]},{\"@type\":\"BreadcrumbList\",\"@id\":\"https:\\\/\\\/www.ert.com.co\\\/index.php\\\/2021\\\/03\\\/18\\\/ert-a-conectar-mas-comunidad-del-valle-del-cauca\\\/#breadcrumb\",\"itemListElement\":[{\"@type\":\"ListItem\",\"position\":1,\"name\":\"Portada\",\"item\":\"https:\\\/\\\/www.ert.com.co\\\/\"},{\"@type\":\"ListItem\",\"position\":2,\"name\":\"ERT: A conectar m\u00e1s comunidad del Valle del Cauca\"}]},{\"@type\":\"WebSite\",\"@id\":\"https:\\\/\\\/www.ert.com.co\\\/#website\",\"url\":\"https:\\\/\\\/www.ert.com.co\\\/\",\"name\":\"ERT ESP\",\"description\":\"Te conecta a lo que quieres\",\"potentialAction\":[{\"@type\":\"SearchAction\",\"target\":{\"@type\":\"EntryPoint\",\"urlTemplate\":\"https:\\\/\\\/www.ert.com.co\\\/?s={search_term_string}\"},\"query-input\":{\"@type\":\"PropertyValueSpecification\",\"valueRequired\":true,\"valueName\":\"search_term_string\"}}],\"inLanguage\":\"es\"},{\"@type\":\"Person\",\"@id\":\"https:\\\/\\\/www.ert.com.co\\\/#\\\/schema\\\/person\\\/22f8b2ec2800fb238911f10f30027c8e\",\"name\":\"lmadera\",\"image\":{\"@type\":\"ImageObject\",\"inLanguage\":\"es\",\"@id\":\"https:\\\/\\\/secure.gravatar.com\\\/avatar\\\/192a12bfca8551167ea39c5751ee0406c80e5296bcb48ef5de8371fe76736d5b?s=96&d=mm&r=g\",\"url\":\"https:\\\/\\\/secure.gravatar.com\\\/avatar\\\/192a12bfca8551167ea39c5751ee0406c80e5296bcb48ef5de8371fe76736d5b?s=96&d=mm&r=g\",\"contentUrl\":\"https:\\\/\\\/secure.gravatar.com\\\/avatar\\\/192a12bfca8551167ea39c5751ee0406c80e5296bcb48ef5de8371fe76736d5b?s=96&d=mm&r=g\",\"caption\":\"lmadera\"},\"url\":\"https:\\\/\\\/www.ert.com.co\\\/index.php\\\/author\\\/lmadera\\\/\"}]}<\/script>\n<!-- \/ Yoast SEO plugin. -->","yoast_head_json":{"title":"ERT: A conectar m\u00e1s comunidad del Valle del Cauca - ERT ESP","robots":{"index":"index","follow":"follow","max-snippet":"max-snippet:-1","max-image-preview":"max-image-preview:large","max-video-preview":"max-video-preview:-1"},"canonical":"https:\/\/www.ert.com.co\/index.php\/2021\/03\/18\/ert-a-conectar-mas-comunidad-del-valle-del-cauca\/","og_locale":"es_ES","og_type":"article","og_title":"ERT: A conectar m\u00e1s comunidad del Valle del Cauca - ERT ESP","og_description":"Santiago de Cali, enero 23 de 2021. La Empresa de Recursos Tecnol\u00f3gicos del departamento (ERT), anunci\u00f3 que se propone conectar m\u00e1s comunidades del Valle del Cauca al mundo virtual como [&hellip;]","og_url":"https:\/\/www.ert.com.co\/index.php\/2021\/03\/18\/ert-a-conectar-mas-comunidad-del-valle-del-cauca\/","og_site_name":"ERT ESP","article_published_time":"2021-03-18T16:02:57+00:00","article_modified_time":"2022-03-24T21:28:08+00:00","author":"lmadera","twitter_card":"summary_large_image","twitter_misc":{"Escrito por":"lmadera","Tiempo de lectura":"2 minutos"},"schema":{"@context":"https:\/\/schema.org","@graph":[{"@type":"Article","@id":"https:\/\/www.ert.com.co\/index.php\/2021\/03\/18\/ert-a-conectar-mas-comunidad-del-valle-del-cauca\/#article","isPartOf":{"@id":"https:\/\/www.ert.com.co\/index.php\/2021\/03\/18\/ert-a-conectar-mas-comunidad-del-valle-del-cauca\/"},"author":{"name":"lmadera","@id":"https:\/\/www.ert.com.co\/#\/schema\/person\/22f8b2ec2800fb238911f10f30027c8e"},"headline":"ERT: A conectar m\u00e1s comunidad del Valle del Cauca","datePublished":"2021-03-18T16:02:57+00:00","dateModified":"2022-03-24T21:28:08+00:00","mainEntityOfPage":{"@id":"https:\/\/www.ert.com.co\/index.php\/2021\/03\/18\/ert-a-conectar-mas-comunidad-del-valle-del-cauca\/"},"wordCount":317,"commentCount":0,"inLanguage":"es","potentialAction":[{"@type":"CommentAction","name":"Comment","target":["https:\/\/www.ert.com.co\/index.php\/2021\/03\/18\/ert-a-conectar-mas-comunidad-del-valle-del-cauca\/#respond"]}]},{"@type":"WebPage","@id":"https:\/\/www.ert.com.co\/index.php\/2021\/03\/18\/ert-a-conectar-mas-comunidad-del-valle-del-cauca\/","url":"https:\/\/www.ert.com.co\/index.php\/2021\/03\/18\/ert-a-conectar-mas-comunidad-del-valle-del-cauca\/","name":"ERT: A conectar m\u00e1s comunidad del Valle del Cauca - ERT ESP","isPartOf":{"@id":"https:\/\/www.ert.com.co\/#website"},"datePublished":"2021-03-18T16:02:57+00:00","dateModified":"2022-03-24T21:28:08+00:00","author":{"@id":"https:\/\/www.ert.com.co\/#\/schema\/person\/22f8b2ec2800fb238911f10f30027c8e"},"breadcrumb":{"@id":"https:\/\/www.ert.com.co\/index.php\/2021\/03\/18\/ert-a-conectar-mas-comunidad-del-valle-del-cauca\/#breadcrumb"},"inLanguage":"es","potentialAction":[{"@type":"ReadAction","target":["https:\/\/www.ert.com.co\/index.php\/2021\/03\/18\/ert-a-conectar-mas-comunidad-del-valle-del-cauca\/"]}]},{"@type":"BreadcrumbList","@id":"https:\/\/www.ert.com.co\/index.php\/2021\/03\/18\/ert-a-conectar-mas-comunidad-del-valle-del-cauca\/#breadcrumb","itemListElement":[{"@type":"ListItem","position":1,"name":"Portada","item":"https:\/\/www.ert.com.co\/"},{"@type":"ListItem","position":2,"name":"ERT: A conectar m\u00e1s comunidad del Valle del Cauca"}]},{"@type":"WebSite","@id":"https:\/\/www.ert.com.co\/#website","url":"https:\/\/www.ert.com.co\/","name":"ERT ESP","description":"Te conecta a lo que quieres","potentialAction":[{"@type":"SearchAction","target":{"@type":"EntryPoint","urlTemplate":"https:\/\/www.ert.com.co\/?s={search_term_string}"},"query-input":{"@type":"PropertyValueSpecification","valueRequired":true,"valueName":"search_term_string"}}],"inLanguage":"es"},{"@type":"Person","@id":"https:\/\/www.ert.com.co\/#\/schema\/person\/22f8b2ec2800fb238911f10f30027c8e","name":"lmadera","image":{"@type":"ImageObject","inLanguage":"es","@id":"https:\/\/secure.gravatar.com\/avatar\/192a12bfca8551167ea39c5751ee0406c80e5296bcb48ef5de8371fe76736d5b?s=96&d=mm&r=g","url":"https:\/\/secure.gravatar.com\/avatar\/192a12bfca8551167ea39c5751ee0406c80e5296bcb48ef5de8371fe76736d5b?s=96&d=mm&r=g","contentUrl":"https:\/\/secure.gravatar.com\/avatar\/192a12bfca8551167ea39c5751ee0406c80e5296bcb48ef5de8371fe76736d5b?s=96&d=mm&r=g","caption":"lmadera"},"url":"https:\/\/www.ert.com.co\/index.php\/author\/lmadera\/"}]}},"_links":{"self":[{"href":"https:\/\/www.ert.com.co\/index.php\/wp-json\/wp\/v2\/posts\/4419","targetHints":{"allow":["GET"]}}],"collection":[{"href":"https:\/\/www.ert.com.co\/index.php\/wp-json\/wp\/v2\/posts"}],"about":[{"href":"https:\/\/www.ert.com.co\/index.php\/wp-json\/wp\/v2\/types\/post"}],"author":[{"embeddable":true,"href":"https:\/\/www.ert.com.co\/index.php\/wp-json\/wp\/v2\/users\/1"}],"replies":[{"embeddable":true,"href":"https:\/\/www.ert.com.co\/index.php\/wp-json\/wp\/v2\/comments?post=4419"}],"version-history":[{"count":0,"href":"https:\/\/www.ert.com.co\/index.php\/wp-json\/wp\/v2\/posts\/4419\/revisions"}],"wp:attachment":[{"href":"https:\/\/www.ert.com.co\/index.php\/wp-json\/wp\/v2\/media?parent=4419"}],"wp:term":[{"taxonomy":"category","embeddable":true,"href":"https:\/\/www.ert.com.co\/index.php\/wp-json\/wp\/v2\/categories?post=4419"},{"taxonomy":"post_tag","embeddable":true,"href":"https:\/\/www.ert.com.co\/index.php\/wp-json\/wp\/v2\/tags?post=4419"}],"curies":[{"name":"wp","href":"https:\/\/api.w.org\/{rel}","templated":true}]}}